{"id":403,"date":"2023-07-26T02:55:36","date_gmt":"2023-07-26T02:55:36","guid":{"rendered":"https:\/\/idofrio.com.br\/?p=403"},"modified":"2023-07-26T02:55:36","modified_gmt":"2023-07-26T02:55:36","slug":"sistema-eletrico-de-ar-condicionado","status":"publish","type":"post","link":"https:\/\/idofrio.com.br\/?p=403","title":{"rendered":"Sistema El\u00e9trico de Ar-condicionado"},"content":{"rendered":"<blockquote>\n<h2 style=\"text-align: left;\">O que precisa cuidar na rede el\u00e9trica para colocar um ar condicionado?<\/h2>\n<p>VOC\u00ca J\u00c1 FEZ A REVIS\u00c3O DA REDE EL\u00c9TRICA DA SUA CASA ANTES DE COMPRAR UM AR CONDICIONADO?<\/p><\/blockquote>\n<div class=\"col-md-7 col-sm-12 col-xs-12\">\n<div class=\"text-holder\">\n<div class=\"text\">\n<p class=\"top\">Saiba que, para o equipamento funcionar bem, n\u00e3o basta se preocupar apenas com a pot\u00eancia e as funcionalidades. \u00c9 preciso ficar atento \u00e0s instala\u00e7\u00f5es da casa e outras especifica\u00e7\u00f5es do aparelho para que n\u00e3o ocorra nenhum problema.<\/p>\n<p><img fetchpriority=\"high\" decoding=\"async\" class=\"wp-image-404 size-full aligncenter\" src=\"https:\/\/idofrio.com.br\/wp-content\/uploads\/2023\/07\/ar-condicionado-instalacao-eletrica-02.jpg\" alt=\"\" width=\"722\" height=\"482\" srcset=\"https:\/\/idofrio.com.br\/wp-content\/uploads\/2023\/07\/ar-condicionado-instalacao-eletrica-02.jpg 722w, https:\/\/idofrio.com.br\/wp-content\/uploads\/2023\/07\/ar-condicionado-instalacao-eletrica-02-300x200.jpg 300w, https:\/\/idofrio.com.br\/wp-content\/uploads\/2023\/07\/ar-condicionado-instalacao-eletrica-02-150x100.jpg 150w, https:\/\/idofrio.com.br\/wp-content\/uploads\/2023\/07\/ar-condicionado-instalacao-eletrica-02-696x465.jpg 696w\" sizes=\"(max-width: 722px) 100vw, 722px\" \/><\/p>\n<\/div>\n<\/div>\n<\/div>\n<div class=\"col-md-7 col-sm-12 col-xs-12\">\n<div class=\"text-holder\">\n<div class=\"title\">\n<blockquote>\n<h2 style=\"text-align: left;\">Fa\u00e7a a an\u00e1lise da capacidade el\u00e9trica da casa<\/h2>\n<\/blockquote>\n<\/div>\n<div class=\"text\">\n<p class=\"top\">Antes de instalar um ar condicionado, o primeiro passo \u00e9 analisar a capacidade el\u00e9trica da resid\u00eancia e quantos equipamentos voc\u00ea utiliza. Caso isso n\u00e3o seja observado, \u00e9 poss\u00edvel que aconte\u00e7a sobrecarga na rede. As casas que n\u00e3o possuem ou que nunca tiveram ar condicionado, geralmente n\u00e3o t\u00eam uma rede el\u00e9trica prop\u00edcia para isso. Assim, \u00e9 preciso criar novos circuitos el\u00e9tricos no local onde o equipamento ser\u00e1 instalado.<\/p>\n<div class=\"col-md-7 col-sm-12 col-xs-12\">\n<div class=\"text-holder\">\n<div class=\"title\">\n<blockquote>\n<h2 style=\"text-align: left;\">Reserve um disjuntor exclusivo para o aparelho<\/h2>\n<\/blockquote>\n<\/div>\n<div class=\"text\">\n<p class=\"top\">\u00c9 importante reservar um disjuntor apenas para o ar condicionado, sen\u00e3o a rede pode ficar sobrecarregada, reduzindo a durabilidade do equipamento. O disjuntor \u00e9 uma esp\u00e9cie de mecanismo de seguran\u00e7a que corta a passagem de energia em casos de pico, evitando curtos-circuitos e protegendo os aparelhos el\u00e9tricos. O ideal \u00e9 sempre contratar um t\u00e9cnico eletricista para realizar uma avalia\u00e7\u00e3o criteriosa da sua resid\u00eancia antes de fazer qualquer instala\u00e7\u00e3o.<\/p>\n<\/div>\n<\/div>\n<\/div>\n<div class=\"col-md-7 col-sm-12 col-xs-12\">\n<div class=\"text-holder\">\n<div class=\"title\">\n<blockquote>\n<h2 style=\"text-align: left;\">Verifique a capacidade t\u00e9rmica do aparelho<\/h2>\n<\/blockquote>\n<\/div>\n<div class=\"text\">\n<p class=\"top\">Agora que voc\u00ea j\u00e1 sabe o que deve verificar antes de instalar seu ar condicionado, siga bem as instru\u00e7\u00f5es e contrate os servi\u00e7os de Instala\u00e7\u00e3o da idoFRIO e aproveite o conforto do seu aparelho!<\/p>\n<\/div>\n<\/div>\n<\/div>\n<\/div>\n<\/div>\n<\/div>\n","protected":false},"excerpt":{"rendered":"<p>O que precisa cuidar na rede el\u00e9trica para colocar um ar condicionado? VOC\u00ca J\u00c1 FEZ A REVIS\u00c3O DA REDE EL\u00c9TRICA DA SUA CASA ANTES DE COMPRAR UM AR CONDICIONADO? Saiba que, para o equipamento funcionar bem, n\u00e3o basta se preocupar apenas com a pot\u00eancia e as funcionalidades. \u00c9 preciso ficar atento \u00e0s instala\u00e7\u00f5es da casa e outras especifica\u00e7\u00f5es do aparelho para que n\u00e3o ocorra nenhum problema. Fa\u00e7a a an\u00e1lise da capacidade el\u00e9trica da casa Antes de instalar um ar condicionado, o primeiro passo \u00e9 analisar a capacidade el\u00e9trica da resid\u00eancia e quantos equipamentos voc\u00ea utiliza. Caso isso n\u00e3o seja observado, \u00e9 poss\u00edvel que aconte\u00e7a sobrecarga na rede. As casas que n\u00e3o possuem ou que nunca tiveram ar condicionado, geralmente n\u00e3o t\u00eam uma rede el\u00e9trica prop\u00edcia para isso. Assim, \u00e9 preciso criar novos circuitos el\u00e9tricos no local onde o equipamento ser\u00e1 instalado. Reserve um disjuntor exclusivo para o aparelho \u00c9 importante reservar um disjuntor apenas para o ar condicionado, sen\u00e3o a rede pode ficar sobrecarregada, reduzindo a durabilidade do equipamento. O disjuntor \u00e9 uma esp\u00e9cie de mecanismo de seguran\u00e7a que corta a passagem de energia em casos de pico, evitando curtos-circuitos e protegendo os aparelhos el\u00e9tricos. O ideal \u00e9 sempre contratar um t\u00e9cnico eletricista para realizar uma avalia\u00e7\u00e3o criteriosa da sua resid\u00eancia antes de fazer qualquer instala\u00e7\u00e3o. Verifique a capacidade t\u00e9rmica do aparelho Agora que voc\u00ea j\u00e1 sabe o que deve verificar antes de instalar seu ar condicionado, siga bem as instru\u00e7\u00f5es e contrate os servi\u00e7os de Instala\u00e7\u00e3o da idoFRIO e aproveite o conforto do seu aparelho!<\/p>\n","protected":false},"author":1,"featured_media":404,"comment_status":"open","ping_status":"open","sticky":false,"template":"","format":"standard","meta":{"footnotes":""},"categories":[1],"tags":[],"class_list":["post-403","post","type-post","status-publish","format-standard","has-post-thumbnail","hentry","category-blog"],"_links":{"self":[{"href":"https:\/\/idofrio.com.br\/index.php?rest_route=\/wp\/v2\/posts\/403","targetHints":{"allow":["GET"]}}],"collection":[{"href":"https:\/\/idofrio.com.br\/index.php?rest_route=\/wp\/v2\/posts"}],"about":[{"href":"https:\/\/idofrio.com.br\/index.php?rest_route=\/wp\/v2\/types\/post"}],"author":[{"embeddable":true,"href":"https:\/\/idofrio.com.br\/index.php?rest_route=\/wp\/v2\/users\/1"}],"replies":[{"embeddable":true,"href":"https:\/\/idofrio.com.br\/index.php?rest_route=%2Fwp%2Fv2%2Fcomments&post=403"}],"version-history":[{"count":1,"href":"https:\/\/idofrio.com.br\/index.php?rest_route=\/wp\/v2\/posts\/403\/revisions"}],"predecessor-version":[{"id":406,"href":"https:\/\/idofrio.com.br\/index.php?rest_route=\/wp\/v2\/posts\/403\/revisions\/406"}],"wp:featuredmedia":[{"embeddable":true,"href":"https:\/\/idofrio.com.br\/index.php?rest_route=\/wp\/v2\/media\/404"}],"wp:attachment":[{"href":"https:\/\/idofrio.com.br\/index.php?rest_route=%2Fwp%2Fv2%2Fmedia&parent=403"}],"wp:term":[{"taxonomy":"category","embeddable":true,"href":"https:\/\/idofrio.com.br\/index.php?rest_route=%2Fwp%2Fv2%2Fcategories&post=403"},{"taxonomy":"post_tag","embeddable":true,"href":"https:\/\/idofrio.com.br\/index.php?rest_route=%2Fwp%2Fv2%2Ftags&post=403"}],"curies":[{"name":"wp","href":"https:\/\/api.w.org\/{rel}","templated":true}]}}