{"id":400,"date":"2023-07-26T02:49:40","date_gmt":"2023-07-26T02:49:40","guid":{"rendered":"https:\/\/idofrio.com.br\/?p=400"},"modified":"2024-05-01T23:45:48","modified_gmt":"2024-05-01T23:45:48","slug":"infraestrutura-ar-condicionado","status":"publish","type":"post","link":"https:\/\/idofrio.com.br\/?p=400","title":{"rendered":"Infraestrutura Ar Condicionado"},"content":{"rendered":"<blockquote><p>O QUE \u00c9 A INFRAESTRUTURA PARA AR CONDICIONADO?<\/p><\/blockquote>\n<p class=\"top\">Trata-se da fase de prepara\u00e7\u00e3o do local onde o aparelho ficar\u00e1 instalado. Caracteriza-se por avaliar o tamanho do ar condicionado e o que precisar\u00e1 ser feito na alvenaria ou outros formatos de parede e teto Fazemos os estudo de cada regi\u00e3o antes de executar o servi\u00e7o. Oferecemos a melhor infraestrutura para obras de pequeno e grande porte. Solicite um Or\u00e7amento!<\/p>\n<p><strong>Conforto e bem estar<\/strong><\/p>\n<div class=\"text\">\n<p>Ar condicionado \u00e9 sin\u00f4nimo de conforto e bem estar. Mas sem os devidos cuidados como a limpeza e higieniza\u00e7\u00e3o peri\u00f3dica, pode se tornar fonte de doen\u00e7as respirat\u00f3rias.<\/p>\n<ul>\n<li><i class=\"fa fa-arrow-circle-o-right\" aria-hidden=\"true\"><\/i>Atendimento no local<\/li>\n<li><i class=\"fa fa-arrow-circle-o-right\" aria-hidden=\"true\"><\/i>Conforto e bem estar<\/li>\n<li><i class=\"fa fa-arrow-circle-o-right\" aria-hidden=\"true\"><\/i>Sa\u00fade e Qualidade do Ar<\/li>\n<li><i class=\"fa fa-arrow-circle-o-right\" aria-hidden=\"true\"><\/i>Experi\u00eancia Comprovada<\/li>\n<\/ul>\n<\/div>\n","protected":false},"excerpt":{"rendered":"<p>O QUE \u00c9 A INFRAESTRUTURA PARA AR CONDICIONADO? Trata-se da fase de prepara\u00e7\u00e3o do local onde o aparelho ficar\u00e1 instalado. Caracteriza-se por avaliar o tamanho do ar condicionado e o que precisar\u00e1 ser feito na alvenaria ou outros formatos de parede e teto Fazemos os estudo de cada regi\u00e3o antes de executar o servi\u00e7o. Oferecemos a melhor infraestrutura para obras de pequeno e grande porte. Solicite um Or\u00e7amento! Conforto e bem estar Ar condicionado \u00e9 sin\u00f4nimo de conforto e bem estar. Mas sem os devidos cuidados como a limpeza e higieniza\u00e7\u00e3o peri\u00f3dica, pode se tornar fonte de doen\u00e7as respirat\u00f3rias. Atendimento no local Conforto e bem estar Sa\u00fade e Qualidade do Ar Experi\u00eancia Comprovada<\/p>\n","protected":false},"author":1,"featured_media":401,"comment_status":"open","ping_status":"open","sticky":false,"template":"","format":"standard","meta":{"footnotes":""},"categories":[1],"tags":[],"class_list":["post-400","post","type-post","status-publish","format-standard","has-post-thumbnail","hentry","category-blog"],"_links":{"self":[{"href":"https:\/\/idofrio.com.br\/index.php?rest_route=\/wp\/v2\/posts\/400","targetHints":{"allow":["GET"]}}],"collection":[{"href":"https:\/\/idofrio.com.br\/index.php?rest_route=\/wp\/v2\/posts"}],"about":[{"href":"https:\/\/idofrio.com.br\/index.php?rest_route=\/wp\/v2\/types\/post"}],"author":[{"embeddable":true,"href":"https:\/\/idofrio.com.br\/index.php?rest_route=\/wp\/v2\/users\/1"}],"replies":[{"embeddable":true,"href":"https:\/\/idofrio.com.br\/index.php?rest_route=%2Fwp%2Fv2%2Fcomments&post=400"}],"version-history":[{"count":2,"href":"https:\/\/idofrio.com.br\/index.php?rest_route=\/wp\/v2\/posts\/400\/revisions"}],"predecessor-version":[{"id":2098,"href":"https:\/\/idofrio.com.br\/index.php?rest_route=\/wp\/v2\/posts\/400\/revisions\/2098"}],"wp:featuredmedia":[{"embeddable":true,"href":"https:\/\/idofrio.com.br\/index.php?rest_route=\/wp\/v2\/media\/401"}],"wp:attachment":[{"href":"https:\/\/idofrio.com.br\/index.php?rest_route=%2Fwp%2Fv2%2Fmedia&parent=400"}],"wp:term":[{"taxonomy":"category","embeddable":true,"href":"https:\/\/idofrio.com.br\/index.php?rest_route=%2Fwp%2Fv2%2Fcategories&post=400"},{"taxonomy":"post_tag","embeddable":true,"href":"https:\/\/idofrio.com.br\/index.php?rest_route=%2Fwp%2Fv2%2Ftags&post=400"}],"curies":[{"name":"wp","href":"https:\/\/api.w.org\/{rel}","templated":true}]}}